{"id":733,"date":"2021-02-12T16:33:10","date_gmt":"2021-02-12T15:33:10","guid":{"rendered":"https:\/\/www.youngfilms.de\/?p=733"},"modified":"2025-04-17T11:27:04","modified_gmt":"2025-04-17T09:27:04","slug":"das-marsprojekt","status":"publish","type":"post","link":"https:\/\/www.youngfilms.de\/de\/das-marsprojekt\/","title":{"rendered":"Das Marsprojekt"},"content":{"rendered":"<div class=\"flex_column av_one_full  flex_column_div av-zero-column-padding first  avia-builder-el-0  el_before_av_two_third  avia-builder-el-first  \" style='border-radius:0px; '><div  class='avia-image-container  av-styling-    avia-builder-el-1  avia-builder-el-no-sibling  avia-align-center '  itemprop=\"image\" itemscope=\"itemscope\" itemtype=\"https:\/\/schema.org\/ImageObject\"  ><div class='avia-image-container-inner'><div class='avia-image-overlay-wrap'><img decoding=\"async\" class='wp-image-2650 avia-img-lazy-loading-not-2650 avia_image' src=\"https:\/\/www.youngfilms.de\/wp-content\/uploads\/2021\/02\/MP.Poster_final.jpg\" alt='' title='MP.Poster_final' height=\"900\" width=\"1600\"  itemprop=\"thumbnailUrl\" srcset=\"https:\/\/www.youngfilms.de\/wp-content\/uploads\/2021\/02\/MP.Poster_final.jpg 1600w, https:\/\/www.youngfilms.de\/wp-content\/uploads\/2021\/02\/MP.Poster_final-300x169.jpg 300w, https:\/\/www.youngfilms.de\/wp-content\/uploads\/2021\/02\/MP.Poster_final-1030x579.jpg 1030w, https:\/\/www.youngfilms.de\/wp-content\/uploads\/2021\/02\/MP.Poster_final-80x45.jpg 80w, https:\/\/www.youngfilms.de\/wp-content\/uploads\/2021\/02\/MP.Poster_final-768x432.jpg 768w, https:\/\/www.youngfilms.de\/wp-content\/uploads\/2021\/02\/MP.Poster_final-1536x864.jpg 1536w, https:\/\/www.youngfilms.de\/wp-content\/uploads\/2021\/02\/MP.Poster_final-1500x844.jpg 1500w, https:\/\/www.youngfilms.de\/wp-content\/uploads\/2021\/02\/MP.Poster_final-705x397.jpg 705w\" sizes=\"(max-width: 1600px) 100vw, 1600px\" \/><\/div><\/div><\/div><\/div>\n<div class='flex_column_table av-equal-height-column-flextable -flextable' ><div class=\"flex_column av_two_third  flex_column_table_cell av-equal-height-column av-align-middle av-zero-column-padding first  avia-builder-el-2  el_after_av_one_full  el_before_av_one_third  column-top-margin\" style='border-radius:0px; '><p><div  style='padding-bottom:10px; ' class='av-special-heading av-special-heading-h2  blockquote modern-quote  avia-builder-el-3  el_before_av_textblock  avia-builder-el-first  '><h2 class='av-special-heading-tag '  itemprop=\"headline\"  >Das Marsprojekt<\/h2><div class ='av-subheading av-subheading_below  ' style='font-size:15px;'><p>Serie<\/p>\n<\/div><div class='special-heading-border'><div class='special-heading-inner-border' ><\/div><\/div><\/div><br \/>\n<section class=\"av_textblock_section \"  itemscope=\"itemscope\" itemtype=\"https:\/\/schema.org\/BlogPosting\" itemprop=\"blogPost\" ><div class='avia_textblock  '   itemprop=\"text\" ><div class=\"page\" title=\"Page 1\">\n<div class=\"layoutArea\">\n<div class=\"column\">\n<p><b>Das Marsprojekt<\/b><\/p>\n<div class=\"\">\n<p>Im Jahr 2086 hat die Vereinte Welt eine Siedlung von 200 Menschen auf dem Mars gegr\u00fcndet. Unter ihnen sind die vier jungen Teenager Elinn, Carl, Ariana und Ronny, die auf der Erde geboren wurden, sich selbst jedoch eher als \u201eMarsianer\u201c und nicht als \u201eErdlinge\u201c bezeichnen.<\/p>\n<\/div>\n<div>\n<p>Durch die Augen dieser Gruppe (sp\u00e4ter erweitert um den Erdling Urs Pigrato, Sohn des ungeliebten Siedlungschefs), erleben wir die Entwicklung au\u00dfergew\u00f6hnlicher Ereignisse: Zuerst den Plan zur Schlie\u00dfung der Siedlung auf dem Mars. Dann, durch Elinns mystische Bindung zum Planeten, verschiebt sich die Sichtweise der Menschheit auf sich selbst im Universum.<\/p>\n<p>Diese Science-Fiction-Serie, nach den Romanen von <a href=\"http:\/\/www.andreaseschbach.de\/\">Andreas Eschbach<\/a>, ist eine Mischung aus Wissenschaft, aufregenden Abenteuern und den unvermeidlichen Belastungen des Teenagerlebens \u2013 auf jedem Planeten!<\/p>\n<\/div>\n<\/div>\n<\/div>\n<\/div>\n<\/div><\/section><\/p><\/div>\n<div class='av-flex-placeholder'><\/div><div class=\"flex_column av_one_third  flex_column_table_cell av-equal-height-column av-align-middle   avia-builder-el-5  el_after_av_two_third  avia-builder-el-last  column-top-margin\" style='background: #f7f7f7; padding:40px; background-color:#f7f7f7; border-radius:0px; '><section class=\"av_textblock_section \"  itemscope=\"itemscope\" itemtype=\"https:\/\/schema.org\/BlogPosting\" itemprop=\"blogPost\" ><div class='avia_textblock  '   itemprop=\"text\" ><div class=\"column port_4\">\n<div style=\"text-align: center;\">\n<div class=\"column port_4\">\n<div id=\"info\"><span class=\"title\"><strong>Auswertung<\/strong><br \/>\n<\/span><span class=\"entry\">TV-Serie<\/span><\/div>\n<div><span class=\"title\"><strong>Genre<\/strong><br \/>\n<\/span><span class=\"entry\">Science Fiction \/ young Adult<\/span><\/div>\n<div><span class=\"title\"><strong>Status<\/strong><br \/>\n<\/span><span class=\"entry\">in Entwicklung<\/span><\/div>\n<div><strong>created by<\/strong><\/div>\n<div>Maxime Crupaux<\/div>\n<div><strong>Regie<\/strong><\/div>\n<div>Patrick Tatopoulos<\/div>\n<div><span class=\"title\"><strong>Produzenten<\/strong><br \/>\n<\/span><span class=\"entry\">Henning Windelband<\/span><\/div>\n<div>Gr\u00e9gory Strouk<\/div>\n<div><strong>Co-Produktion<\/strong><\/div>\n<div>Wild Bunch TV<\/div>\n<div>\n<hr \/>\n<\/div>\n<\/div>\n<div><strong>Nach den Romanen von<\/strong><\/div>\n<div><strong>Andreas Eschbach<\/strong><\/div>\n<div class=\"column port_4\"><\/div>\n<\/div>\n<\/div>\n<\/div><\/section><\/div><\/div><!--close column table wrapper. Autoclose: 1 -->\n","protected":false},"excerpt":{"rendered":"","protected":false},"author":4,"featured_media":2661,"comment_status":"closed","ping_status":"closed","sticky":false,"template":"","format":"standard","meta":{"footnotes":""},"categories":[6],"tags":[],"class_list":["post-733","post","type-post","status-publish","format-standard","has-post-thumbnail","hentry","category-serie"],"_links":{"self":[{"href":"https:\/\/www.youngfilms.de\/de\/wp-json\/wp\/v2\/posts\/733","targetHints":{"allow":["GET"]}}],"collection":[{"href":"https:\/\/www.youngfilms.de\/de\/wp-json\/wp\/v2\/posts"}],"about":[{"href":"https:\/\/www.youngfilms.de\/de\/wp-json\/wp\/v2\/types\/post"}],"author":[{"embeddable":true,"href":"https:\/\/www.youngfilms.de\/de\/wp-json\/wp\/v2\/users\/4"}],"replies":[{"embeddable":true,"href":"https:\/\/www.youngfilms.de\/de\/wp-json\/wp\/v2\/comments?post=733"}],"version-history":[{"count":18,"href":"https:\/\/www.youngfilms.de\/de\/wp-json\/wp\/v2\/posts\/733\/revisions"}],"predecessor-version":[{"id":3339,"href":"https:\/\/www.youngfilms.de\/de\/wp-json\/wp\/v2\/posts\/733\/revisions\/3339"}],"wp:featuredmedia":[{"embeddable":true,"href":"https:\/\/www.youngfilms.de\/de\/wp-json\/wp\/v2\/media\/2661"}],"wp:attachment":[{"href":"https:\/\/www.youngfilms.de\/de\/wp-json\/wp\/v2\/media?parent=733"}],"wp:term":[{"taxonomy":"category","embeddable":true,"href":"https:\/\/www.youngfilms.de\/de\/wp-json\/wp\/v2\/categories?post=733"},{"taxonomy":"post_tag","embeddable":true,"href":"https:\/\/www.youngfilms.de\/de\/wp-json\/wp\/v2\/tags?post=733"}],"curies":[{"name":"wp","href":"https:\/\/api.w.org\/{rel}","templated":true}]}}